{"id":7302,"date":"2022-04-22T09:21:29","date_gmt":"2022-04-22T07:21:29","guid":{"rendered":"https:\/\/www.abusizz.ch\/?p=7302"},"modified":"2023-11-02T10:05:23","modified_gmt":"2023-11-02T09:05:23","slug":"press","status":"publish","type":"post","link":"https:\/\/www.abusizz.ch\/en\/press\/","title":{"rendered":"What the press says about us"},"content":{"rendered":"<p><em>\u00abWould you like to take your meetings one step further? Get the ABUSIZZ Lamp+\u00bb<\/em><\/p>\n\n\n\n<p>GadgetFlow<\/p>\n\n\n\n<p><em>\u00abTake five creative minds and a long alpine tradition, and shut them all up in\na mountain hut overnight. What do you get? A refresh\u00ad ing start-up. Its name? ABUSIZZ.\u00bb <\/em><\/p>\n\n\n\n<p>Swiss Magazine<\/p>\n\n\n\n<p><\/p>\n\n\n\n<div style=\"height:50px\" aria-hidden=\"true\" class=\"wp-block-spacer\"><\/div>\n\n\n\n<div class=\"wp-block-columns is-layout-flex wp-container-core-columns-is-layout-28f84493 wp-block-columns-is-layout-flex\">\n<div class=\"wp-block-column is-vertically-aligned-center is-layout-flow wp-block-column-is-layout-flow\">\n<figure class=\"wp-block-image aligncenter size-full is-resized abz_noradius\"><a href=\"https:\/\/thegadgetflow.com\/blog\/most-innovative-gadgets-you-can-get-for-yourself2022\/\" target=\"_blank\" rel=\"noopener\"><img fetchpriority=\"high\" decoding=\"async\" width=\"1024\" height=\"240\" src=\"https:\/\/www.abusizz.ch\/wp-content\/uploads\/2022\/04\/Gadget-Flow-Logo.png\" alt=\"\" class=\"wp-image-7309\" style=\"width:265px;height:62px\" srcset=\"https:\/\/www.abusizz.ch\/wp-content\/uploads\/2022\/04\/Gadget-Flow-Logo.png 1024w, https:\/\/www.abusizz.ch\/wp-content\/uploads\/2022\/04\/Gadget-Flow-Logo-300x70.png 300w, https:\/\/www.abusizz.ch\/wp-content\/uploads\/2022\/04\/Gadget-Flow-Logo-768x180.png 768w, https:\/\/www.abusizz.ch\/wp-content\/uploads\/2022\/04\/Gadget-Flow-Logo-18x4.png 18w, https:\/\/www.abusizz.ch\/wp-content\/uploads\/2022\/04\/Gadget-Flow-Logo-700x164.png 700w, https:\/\/www.abusizz.ch\/wp-content\/uploads\/2022\/04\/Gadget-Flow-Logo-600x141.png 600w\" sizes=\"(max-width: 1024px) 100vw, 1024px\" \/><\/a><\/figure>\n<\/div>\n\n\n\n<div class=\"wp-block-column is-vertically-aligned-center is-layout-flow wp-block-column-is-layout-flow\">\n<figure class=\"wp-block-image aligncenter size-full is-resized abz_noradius\"><a href=\"https:\/\/abusizz.ch\/wp-content\/uploads\/2019\/11\/Swiss-Magazine.pdf\" target=\"_blank\" rel=\"noopener\"><img decoding=\"async\" width=\"278\" height=\"151\" src=\"https:\/\/www.abusizz.ch\/wp-content\/uploads\/2022\/03\/SWISSMAGAZIN-2.png\" alt=\"\" class=\"wp-image-5743\" style=\"width:142px;height:76px\" srcset=\"https:\/\/www.abusizz.ch\/wp-content\/uploads\/2022\/03\/SWISSMAGAZIN-2.png 278w, https:\/\/www.abusizz.ch\/wp-content\/uploads\/2022\/03\/SWISSMAGAZIN-2-18x10.png 18w\" sizes=\"(max-width: 278px) 100vw, 278px\" \/><\/a><\/figure>\n<\/div>\n<\/div>\n\n\n\n<div class=\"wp-block-columns is-layout-flex wp-container-core-columns-is-layout-28f84493 wp-block-columns-is-layout-flex\">\n<div class=\"wp-block-column is-vertically-aligned-center is-layout-flow wp-block-column-is-layout-flow\">\n<figure class=\"wp-block-image aligncenter size-full is-resized abz_noradius\"><a href=\"https:\/\/www.finews.ch\/news\/banken\/33770-cs-lachen-filiale-digital\"><img decoding=\"async\" width=\"413\" height=\"122\" src=\"https:\/\/www.abusizz.ch\/wp-content\/uploads\/2022\/04\/finews.png\" alt=\"\" class=\"wp-image-7312\" style=\"width:202px;height:59px\" srcset=\"https:\/\/www.abusizz.ch\/wp-content\/uploads\/2022\/04\/finews.png 413w, https:\/\/www.abusizz.ch\/wp-content\/uploads\/2022\/04\/finews-300x89.png 300w, https:\/\/www.abusizz.ch\/wp-content\/uploads\/2022\/04\/finews-18x5.png 18w\" sizes=\"(max-width: 413px) 100vw, 413px\" \/><\/a><\/figure>\n<\/div>\n\n\n\n<div class=\"wp-block-column is-vertically-aligned-center is-layout-flow wp-block-column-is-layout-flow\">\n<figure class=\"wp-block-image aligncenter size-large is-resized abz_noradius\"><img loading=\"lazy\" decoding=\"async\" width=\"1024\" height=\"1024\" src=\"https:\/\/www.abusizz.ch\/wp-content\/uploads\/2023\/11\/BMW_logo_gray.svg-1024x1024.png\" alt=\"\" class=\"wp-image-11096\" style=\"width:100px;height:100px\" srcset=\"https:\/\/www.abusizz.ch\/wp-content\/uploads\/2023\/11\/BMW_logo_gray.svg-1024x1024.png 1024w, https:\/\/www.abusizz.ch\/wp-content\/uploads\/2023\/11\/BMW_logo_gray.svg-300x300.png 300w, https:\/\/www.abusizz.ch\/wp-content\/uploads\/2023\/11\/BMW_logo_gray.svg-150x150.png 150w, https:\/\/www.abusizz.ch\/wp-content\/uploads\/2023\/11\/BMW_logo_gray.svg-768x768.png 768w, https:\/\/www.abusizz.ch\/wp-content\/uploads\/2023\/11\/BMW_logo_gray.svg-1536x1536.png 1536w, https:\/\/www.abusizz.ch\/wp-content\/uploads\/2023\/11\/BMW_logo_gray.svg-12x12.png 12w, https:\/\/www.abusizz.ch\/wp-content\/uploads\/2023\/11\/BMW_logo_gray.svg-600x600.png 600w, https:\/\/www.abusizz.ch\/wp-content\/uploads\/2023\/11\/BMW_logo_gray.svg-100x100.png 100w, https:\/\/www.abusizz.ch\/wp-content\/uploads\/2023\/11\/BMW_logo_gray.svg.png 2048w\" sizes=\"(max-width: 1024px) 100vw, 1024px\" \/><\/figure>\n<\/div>\n<\/div>\n\n\n\n<div class=\"wp-block-columns is-layout-flex wp-container-core-columns-is-layout-28f84493 wp-block-columns-is-layout-flex\">\n<div class=\"wp-block-column is-vertically-aligned-center is-layout-flow wp-block-column-is-layout-flow\">\n<figure class=\"wp-block-image aligncenter size-large is-resized abz_noradius\"><a href=\"https:\/\/www.nzz.ch\/wirtschaft\/credit-suisse-digitalbank-csx-smartphone-statt-schalter-ld.1575779?reduced=true\" target=\"_blank\" rel=\"noopener\"><img loading=\"lazy\" decoding=\"async\" width=\"1024\" height=\"361\" src=\"https:\/\/www.abusizz.ch\/wp-content\/uploads\/2022\/04\/NZZ-logo-1024x361.png\" alt=\"\" class=\"wp-image-7304\" style=\"width:148px;height:51px\" srcset=\"https:\/\/www.abusizz.ch\/wp-content\/uploads\/2022\/04\/NZZ-logo-1024x361.png 1024w, https:\/\/www.abusizz.ch\/wp-content\/uploads\/2022\/04\/NZZ-logo-300x106.png 300w, https:\/\/www.abusizz.ch\/wp-content\/uploads\/2022\/04\/NZZ-logo-768x271.png 768w, https:\/\/www.abusizz.ch\/wp-content\/uploads\/2022\/04\/NZZ-logo-18x6.png 18w, https:\/\/www.abusizz.ch\/wp-content\/uploads\/2022\/04\/NZZ-logo-1080x381.png 1080w, https:\/\/www.abusizz.ch\/wp-content\/uploads\/2022\/04\/NZZ-logo-700x247.png 700w, https:\/\/www.abusizz.ch\/wp-content\/uploads\/2022\/04\/NZZ-logo-600x212.png 600w, https:\/\/www.abusizz.ch\/wp-content\/uploads\/2022\/04\/NZZ-logo.png 1182w\" sizes=\"(max-width: 1024px) 100vw, 1024px\" \/><\/a><\/figure>\n<\/div>\n\n\n\n<div class=\"wp-block-column is-vertically-aligned-center is-layout-flow wp-block-column-is-layout-flow\">\n<figure class=\"wp-block-image aligncenter size-large is-resized abz_noradius\"><a href=\"https:\/\/www.eda.admin.ch\/countries\/usa\/en\/home\/switzerland-and\/culture\/swiss-touch-campaign--pairing-tradition-with-innovation.html\" target=\"_blank\" rel=\"noopener\"><img loading=\"lazy\" decoding=\"async\" width=\"1024\" height=\"272\" src=\"https:\/\/www.abusizz.ch\/wp-content\/uploads\/2022\/04\/1580px-Logo_der_Schweizerischen_Eidgenossenschaft-Kopie-1024x272.png\" alt=\"\" class=\"wp-image-7026\" style=\"width:221px;height:58px\" srcset=\"https:\/\/www.abusizz.ch\/wp-content\/uploads\/2022\/04\/1580px-Logo_der_Schweizerischen_Eidgenossenschaft-Kopie-1024x272.png 1024w, https:\/\/www.abusizz.ch\/wp-content\/uploads\/2022\/04\/1580px-Logo_der_Schweizerischen_Eidgenossenschaft-Kopie-300x80.png 300w, https:\/\/www.abusizz.ch\/wp-content\/uploads\/2022\/04\/1580px-Logo_der_Schweizerischen_Eidgenossenschaft-Kopie-768x204.png 768w, https:\/\/www.abusizz.ch\/wp-content\/uploads\/2022\/04\/1580px-Logo_der_Schweizerischen_Eidgenossenschaft-Kopie-18x5.png 18w, https:\/\/www.abusizz.ch\/wp-content\/uploads\/2022\/04\/1580px-Logo_der_Schweizerischen_Eidgenossenschaft-Kopie-1080x286.png 1080w, https:\/\/www.abusizz.ch\/wp-content\/uploads\/2022\/04\/1580px-Logo_der_Schweizerischen_Eidgenossenschaft-Kopie-700x186.png 700w, https:\/\/www.abusizz.ch\/wp-content\/uploads\/2022\/04\/1580px-Logo_der_Schweizerischen_Eidgenossenschaft-Kopie-600x159.png 600w, https:\/\/www.abusizz.ch\/wp-content\/uploads\/2022\/04\/1580px-Logo_der_Schweizerischen_Eidgenossenschaft-Kopie.png 1459w\" sizes=\"(max-width: 1024px) 100vw, 1024px\" \/><\/a><\/figure>\n<\/div>\n<\/div>\n\n\n\n<div class=\"wp-block-columns is-layout-flex wp-container-core-columns-is-layout-28f84493 wp-block-columns-is-layout-flex\">\n<div class=\"wp-block-column is-vertically-aligned-center is-layout-flow wp-block-column-is-layout-flow\">\n<figure class=\"wp-block-image aligncenter size-full is-resized abz_noradius\"><img loading=\"lazy\" decoding=\"async\" width=\"800\" height=\"162\" src=\"https:\/\/www.abusizz.ch\/wp-content\/uploads\/2023\/11\/Bilanz_ch_Logo_03.2022.svg.png\" alt=\"\" class=\"wp-image-11094\" style=\"aspect-ratio:3.2794117647058822;width:180px;height:auto\" srcset=\"https:\/\/www.abusizz.ch\/wp-content\/uploads\/2023\/11\/Bilanz_ch_Logo_03.2022.svg.png 800w, https:\/\/www.abusizz.ch\/wp-content\/uploads\/2023\/11\/Bilanz_ch_Logo_03.2022.svg-300x61.png 300w, https:\/\/www.abusizz.ch\/wp-content\/uploads\/2023\/11\/Bilanz_ch_Logo_03.2022.svg-768x156.png 768w, https:\/\/www.abusizz.ch\/wp-content\/uploads\/2023\/11\/Bilanz_ch_Logo_03.2022.svg-18x4.png 18w, https:\/\/www.abusizz.ch\/wp-content\/uploads\/2023\/11\/Bilanz_ch_Logo_03.2022.svg-600x122.png 600w\" sizes=\"(max-width: 800px) 100vw, 800px\" \/><\/figure>\n<\/div>\n\n\n\n<div class=\"wp-block-column is-vertically-aligned-center is-layout-flow wp-block-column-is-layout-flow\">\n<figure class=\"wp-block-image aligncenter size-large is-resized abz_noradius\"><a href=\"https:\/\/www.red-dot.org\/project\/credit-suisse-europaallee-54911\" target=\"_blank\" rel=\"noreferrer noopener\"><img loading=\"lazy\" decoding=\"async\" width=\"1024\" height=\"573\" src=\"https:\/\/www.abusizz.ch\/wp-content\/uploads\/2022\/09\/Reddot_Logo-1024x573.png\" alt=\"\" class=\"wp-image-7828\" style=\"width:185px;height:97px\" srcset=\"https:\/\/www.abusizz.ch\/wp-content\/uploads\/2022\/09\/Reddot_Logo-1024x573.png 1024w, https:\/\/www.abusizz.ch\/wp-content\/uploads\/2022\/09\/Reddot_Logo-300x168.png 300w, https:\/\/www.abusizz.ch\/wp-content\/uploads\/2022\/09\/Reddot_Logo-768x430.png 768w, https:\/\/www.abusizz.ch\/wp-content\/uploads\/2022\/09\/Reddot_Logo-18x10.png 18w, https:\/\/www.abusizz.ch\/wp-content\/uploads\/2022\/09\/Reddot_Logo-1080x605.png 1080w, https:\/\/www.abusizz.ch\/wp-content\/uploads\/2022\/09\/Reddot_Logo-700x392.png 700w, https:\/\/www.abusizz.ch\/wp-content\/uploads\/2022\/09\/Reddot_Logo-600x336.png 600w, https:\/\/www.abusizz.ch\/wp-content\/uploads\/2022\/09\/Reddot_Logo.png 1200w\" sizes=\"(max-width: 1024px) 100vw, 1024px\" \/><\/a><\/figure>\n<\/div>\n<\/div>","protected":false},"excerpt":{"rendered":"<p>\u00abWould you like to go one step further for your meetings? Get the ABUSIZZ Lamp+\u00bb GadgetFlow \u00abTake an alpine tradition and five creative minds and lock them up in a mountain hut overnight. And the refreshing start-up called ABUSIZZ is done.\u00bb Swiss Magazine<\/p>","protected":false},"author":31,"featured_media":7321,"comment_status":"closed","ping_status":"closed","sticky":false,"template":"","format":"standard","meta":{"footnotes":""},"categories":[97],"tags":[102,101,99,100,98],"class_list":["post-7302","post","type-post","status-publish","format-standard","has-post-thumbnail","hentry","category-news","tag-bmw","tag-finews","tag-nzz","tag-schweizerische-eidgenossenschaft","tag-swiss-magazine"],"yoast_head":"<!-- This site is optimized with the Yoast SEO plugin v27.2 - https:\/\/yoast.com\/product\/yoast-seo-wordpress\/ -->\n<title>Das sagt die Presse \u00fcber uns | ABUSIZZ - Lamp+<\/title>\n<meta name=\"robots\" content=\"index, follow, max-snippet:-1, max-image-preview:large, max-video-preview:-1\" \/>\n<link rel=\"canonical\" href=\"https:\/\/www.abusizz.ch\/en\/press\/\" \/>\n<meta property=\"og:locale\" content=\"en_GB\" \/>\n<meta property=\"og:type\" content=\"article\" \/>\n<meta property=\"og:title\" content=\"Das sagt die Presse \u00fcber uns | ABUSIZZ - Lamp+\" \/>\n<meta property=\"og:description\" content=\"&#171;M\u00f6chtest du f\u00fcr deine Meetings einen Schritt weiter gehen? Hol dir die ABUSIZZ Lamp+&#187; GadgetFlow &#171;Man nehme eine alpine Tradition sowie f\u00fcnf kreative K\u00f6pfe und schliesse sie \u00fcber Nacht in eine Bergh\u00fctte ein. Und fertig ist das erfrischende Start-up namens ABUSIZZ.&#187; Swiss Magazine\" \/>\n<meta property=\"og:url\" content=\"https:\/\/www.abusizz.ch\/en\/press\/\" \/>\n<meta property=\"og:site_name\" content=\"ABUSIZZ - Lamp+\" \/>\n<meta property=\"article:published_time\" content=\"2022-04-22T07:21:29+00:00\" \/>\n<meta property=\"article:modified_time\" content=\"2023-11-02T09:05:23+00:00\" \/>\n<meta property=\"og:image\" content=\"https:\/\/www.abusizz.ch\/wp-content\/uploads\/2022\/04\/swissmagazine-extract-1024x705.png\" \/>\n\t<meta property=\"og:image:width\" content=\"1024\" \/>\n\t<meta property=\"og:image:height\" content=\"705\" \/>\n\t<meta property=\"og:image:type\" content=\"image\/png\" \/>\n<meta name=\"author\" content=\"Innofactory AG\" \/>\n<meta name=\"twitter:card\" content=\"summary_large_image\" \/>\n<meta name=\"twitter:label1\" content=\"Written by\" \/>\n\t<meta name=\"twitter:data1\" content=\"Innofactory AG\" \/>\n\t<meta name=\"twitter:label2\" content=\"Estimated reading time\" \/>\n\t<meta name=\"twitter:data2\" content=\"2 minutes\" \/>\n<script type=\"application\/ld+json\" class=\"yoast-schema-graph\">{\"@context\":\"https:\/\/schema.org\",\"@graph\":[{\"@type\":\"Article\",\"@id\":\"https:\/\/www.abusizz.ch\/press\/#article\",\"isPartOf\":{\"@id\":\"https:\/\/www.abusizz.ch\/press\/\"},\"author\":{\"name\":\"Innofactory AG\",\"@id\":\"https:\/\/www.abusizz.ch\/#\/schema\/person\/399205368297d2d5948a2f219272f1cd\"},\"headline\":\"Das sagt die Presse \u00fcber uns\",\"datePublished\":\"2022-04-22T07:21:29+00:00\",\"dateModified\":\"2023-11-02T09:05:23+00:00\",\"mainEntityOfPage\":{\"@id\":\"https:\/\/www.abusizz.ch\/press\/\"},\"wordCount\":54,\"publisher\":{\"@id\":\"https:\/\/www.abusizz.ch\/#organization\"},\"image\":{\"@id\":\"https:\/\/www.abusizz.ch\/press\/#primaryimage\"},\"thumbnailUrl\":\"https:\/\/www.abusizz.ch\/wp-content\/uploads\/2022\/04\/swissmagazine-extract.png\",\"keywords\":[\"BMW\",\"Finews\",\"NZZ\",\"Schweizerische Eidgenossenschaft\",\"Swiss Magazine\"],\"articleSection\":[\"News\"],\"inLanguage\":\"en-GB\"},{\"@type\":[\"WebPage\",\"ItemPage\"],\"@id\":\"https:\/\/www.abusizz.ch\/press\/\",\"url\":\"https:\/\/www.abusizz.ch\/press\/\",\"name\":\"Das sagt die Presse \u00fcber uns | ABUSIZZ - Lamp+\",\"isPartOf\":{\"@id\":\"https:\/\/www.abusizz.ch\/#website\"},\"primaryImageOfPage\":{\"@id\":\"https:\/\/www.abusizz.ch\/press\/#primaryimage\"},\"image\":{\"@id\":\"https:\/\/www.abusizz.ch\/press\/#primaryimage\"},\"thumbnailUrl\":\"https:\/\/www.abusizz.ch\/wp-content\/uploads\/2022\/04\/swissmagazine-extract.png\",\"datePublished\":\"2022-04-22T07:21:29+00:00\",\"dateModified\":\"2023-11-02T09:05:23+00:00\",\"breadcrumb\":{\"@id\":\"https:\/\/www.abusizz.ch\/press\/#breadcrumb\"},\"inLanguage\":\"en-GB\",\"potentialAction\":[{\"@type\":\"ReadAction\",\"target\":[\"https:\/\/www.abusizz.ch\/press\/\"]}]},{\"@type\":\"ImageObject\",\"inLanguage\":\"en-GB\",\"@id\":\"https:\/\/www.abusizz.ch\/press\/#primaryimage\",\"url\":\"https:\/\/www.abusizz.ch\/wp-content\/uploads\/2022\/04\/swissmagazine-extract.png\",\"contentUrl\":\"https:\/\/www.abusizz.ch\/wp-content\/uploads\/2022\/04\/swissmagazine-extract.png\",\"width\":2374,\"height\":1634},{\"@type\":\"BreadcrumbList\",\"@id\":\"https:\/\/www.abusizz.ch\/press\/#breadcrumb\",\"itemListElement\":[{\"@type\":\"ListItem\",\"position\":1,\"name\":\"Home\",\"item\":\"https:\/\/www.abusizz.ch\/\"},{\"@type\":\"ListItem\",\"position\":2,\"name\":\"Das sagt die Presse \u00fcber uns\"}]},{\"@type\":\"WebSite\",\"@id\":\"https:\/\/www.abusizz.ch\/#website\",\"url\":\"https:\/\/www.abusizz.ch\/\",\"name\":\"ABUSIZZ - Lamp+\",\"description\":\"L\u00f6sungen f\u00fcr face to face Meetings\",\"publisher\":{\"@id\":\"https:\/\/www.abusizz.ch\/#organization\"},\"potentialAction\":[{\"@type\":\"SearchAction\",\"target\":{\"@type\":\"EntryPoint\",\"urlTemplate\":\"https:\/\/www.abusizz.ch\/?s={search_term_string}\"},\"query-input\":{\"@type\":\"PropertyValueSpecification\",\"valueRequired\":true,\"valueName\":\"search_term_string\"}}],\"inLanguage\":\"en-GB\"},{\"@type\":\"Organization\",\"@id\":\"https:\/\/www.abusizz.ch\/#organization\",\"name\":\"ABUSIZZ AG\",\"url\":\"https:\/\/www.abusizz.ch\/\",\"logo\":{\"@type\":\"ImageObject\",\"inLanguage\":\"en-GB\",\"@id\":\"https:\/\/www.abusizz.ch\/#\/schema\/logo\/image\/\",\"url\":\"https:\/\/www.abusizz.ch\/wp-content\/uploads\/2019\/07\/Schriftzug.png\",\"contentUrl\":\"https:\/\/www.abusizz.ch\/wp-content\/uploads\/2019\/07\/Schriftzug.png\",\"width\":288,\"height\":78,\"caption\":\"ABUSIZZ AG\"},\"image\":{\"@id\":\"https:\/\/www.abusizz.ch\/#\/schema\/logo\/image\/\"}},{\"@type\":\"Person\",\"@id\":\"https:\/\/www.abusizz.ch\/#\/schema\/person\/399205368297d2d5948a2f219272f1cd\",\"name\":\"Innofactory AG\",\"image\":{\"@type\":\"ImageObject\",\"inLanguage\":\"en-GB\",\"@id\":\"https:\/\/secure.gravatar.com\/avatar\/28c51e14a0bfdc3be9981b72d16d093b184dc8de46184b75c9454027b3109007?s=96&d=mm&r=g\",\"url\":\"https:\/\/secure.gravatar.com\/avatar\/28c51e14a0bfdc3be9981b72d16d093b184dc8de46184b75c9454027b3109007?s=96&d=mm&r=g\",\"contentUrl\":\"https:\/\/secure.gravatar.com\/avatar\/28c51e14a0bfdc3be9981b72d16d093b184dc8de46184b75c9454027b3109007?s=96&d=mm&r=g\",\"caption\":\"Innofactory AG\"}}]}<\/script>\n<!-- \/ Yoast SEO plugin. -->","yoast_head_json":{"title":"That&#039;s what the press says about us | ABUSIZZ-Lamp+","robots":{"index":"index","follow":"follow","max-snippet":"max-snippet:-1","max-image-preview":"max-image-preview:large","max-video-preview":"max-video-preview:-1"},"canonical":"https:\/\/www.abusizz.ch\/en\/press\/","og_locale":"en_GB","og_type":"article","og_title":"Das sagt die Presse \u00fcber uns | ABUSIZZ - Lamp+","og_description":"&#171;M\u00f6chtest du f\u00fcr deine Meetings einen Schritt weiter gehen? Hol dir die ABUSIZZ Lamp+&#187; GadgetFlow &#171;Man nehme eine alpine Tradition sowie f\u00fcnf kreative K\u00f6pfe und schliesse sie \u00fcber Nacht in eine Bergh\u00fctte ein. Und fertig ist das erfrischende Start-up namens ABUSIZZ.&#187; Swiss Magazine","og_url":"https:\/\/www.abusizz.ch\/en\/press\/","og_site_name":"ABUSIZZ - Lamp+","article_published_time":"2022-04-22T07:21:29+00:00","article_modified_time":"2023-11-02T09:05:23+00:00","og_image":[{"width":1024,"height":705,"url":"https:\/\/www.abusizz.ch\/wp-content\/uploads\/2022\/04\/swissmagazine-extract-1024x705.png","type":"image\/png"}],"author":"Innofactory AG","twitter_card":"summary_large_image","twitter_misc":{"Written by":"Innofactory AG","Estimated reading time":"2 minutes"},"schema":{"@context":"https:\/\/schema.org","@graph":[{"@type":"Article","@id":"https:\/\/www.abusizz.ch\/press\/#article","isPartOf":{"@id":"https:\/\/www.abusizz.ch\/press\/"},"author":{"name":"Innofactory AG","@id":"https:\/\/www.abusizz.ch\/#\/schema\/person\/399205368297d2d5948a2f219272f1cd"},"headline":"Das sagt die Presse \u00fcber uns","datePublished":"2022-04-22T07:21:29+00:00","dateModified":"2023-11-02T09:05:23+00:00","mainEntityOfPage":{"@id":"https:\/\/www.abusizz.ch\/press\/"},"wordCount":54,"publisher":{"@id":"https:\/\/www.abusizz.ch\/#organization"},"image":{"@id":"https:\/\/www.abusizz.ch\/press\/#primaryimage"},"thumbnailUrl":"https:\/\/www.abusizz.ch\/wp-content\/uploads\/2022\/04\/swissmagazine-extract.png","keywords":["BMW","Finews","NZZ","Schweizerische Eidgenossenschaft","Swiss Magazine"],"articleSection":["News"],"inLanguage":"en-GB"},{"@type":["WebPage","ItemPage"],"@id":"https:\/\/www.abusizz.ch\/press\/","url":"https:\/\/www.abusizz.ch\/press\/","name":"That&#039;s what the press says about us | ABUSIZZ-Lamp+","isPartOf":{"@id":"https:\/\/www.abusizz.ch\/#website"},"primaryImageOfPage":{"@id":"https:\/\/www.abusizz.ch\/press\/#primaryimage"},"image":{"@id":"https:\/\/www.abusizz.ch\/press\/#primaryimage"},"thumbnailUrl":"https:\/\/www.abusizz.ch\/wp-content\/uploads\/2022\/04\/swissmagazine-extract.png","datePublished":"2022-04-22T07:21:29+00:00","dateModified":"2023-11-02T09:05:23+00:00","breadcrumb":{"@id":"https:\/\/www.abusizz.ch\/press\/#breadcrumb"},"inLanguage":"en-GB","potentialAction":[{"@type":"ReadAction","target":["https:\/\/www.abusizz.ch\/press\/"]}]},{"@type":"ImageObject","inLanguage":"en-GB","@id":"https:\/\/www.abusizz.ch\/press\/#primaryimage","url":"https:\/\/www.abusizz.ch\/wp-content\/uploads\/2022\/04\/swissmagazine-extract.png","contentUrl":"https:\/\/www.abusizz.ch\/wp-content\/uploads\/2022\/04\/swissmagazine-extract.png","width":2374,"height":1634},{"@type":"BreadcrumbList","@id":"https:\/\/www.abusizz.ch\/press\/#breadcrumb","itemListElement":[{"@type":"ListItem","position":1,"name":"Home","item":"https:\/\/www.abusizz.ch\/"},{"@type":"ListItem","position":2,"name":"Das sagt die Presse \u00fcber uns"}]},{"@type":"WebSite","@id":"https:\/\/www.abusizz.ch\/#website","url":"https:\/\/www.abusizz.ch\/","name":"ABUSIZZ-Lamp+","description":"Solutions for face to face meetings","publisher":{"@id":"https:\/\/www.abusizz.ch\/#organization"},"potentialAction":[{"@type":"SearchAction","target":{"@type":"EntryPoint","urlTemplate":"https:\/\/www.abusizz.ch\/?s={search_term_string}"},"query-input":{"@type":"PropertyValueSpecification","valueRequired":true,"valueName":"search_term_string"}}],"inLanguage":"en-GB"},{"@type":"Organization","@id":"https:\/\/www.abusizz.ch\/#organization","name":"ABUSIZZ AG","url":"https:\/\/www.abusizz.ch\/","logo":{"@type":"ImageObject","inLanguage":"en-GB","@id":"https:\/\/www.abusizz.ch\/#\/schema\/logo\/image\/","url":"https:\/\/www.abusizz.ch\/wp-content\/uploads\/2019\/07\/Schriftzug.png","contentUrl":"https:\/\/www.abusizz.ch\/wp-content\/uploads\/2019\/07\/Schriftzug.png","width":288,"height":78,"caption":"ABUSIZZ AG"},"image":{"@id":"https:\/\/www.abusizz.ch\/#\/schema\/logo\/image\/"}},{"@type":"Person","@id":"https:\/\/www.abusizz.ch\/#\/schema\/person\/399205368297d2d5948a2f219272f1cd","name":"Innofactory AG","image":{"@type":"ImageObject","inLanguage":"en-GB","@id":"https:\/\/secure.gravatar.com\/avatar\/28c51e14a0bfdc3be9981b72d16d093b184dc8de46184b75c9454027b3109007?s=96&d=mm&r=g","url":"https:\/\/secure.gravatar.com\/avatar\/28c51e14a0bfdc3be9981b72d16d093b184dc8de46184b75c9454027b3109007?s=96&d=mm&r=g","contentUrl":"https:\/\/secure.gravatar.com\/avatar\/28c51e14a0bfdc3be9981b72d16d093b184dc8de46184b75c9454027b3109007?s=96&d=mm&r=g","caption":"Innofactory AG"}}]}},"_links":{"self":[{"href":"https:\/\/www.abusizz.ch\/en\/wp-json\/wp\/v2\/posts\/7302","targetHints":{"allow":["GET"]}}],"collection":[{"href":"https:\/\/www.abusizz.ch\/en\/wp-json\/wp\/v2\/posts"}],"about":[{"href":"https:\/\/www.abusizz.ch\/en\/wp-json\/wp\/v2\/types\/post"}],"author":[{"embeddable":true,"href":"https:\/\/www.abusizz.ch\/en\/wp-json\/wp\/v2\/users\/31"}],"replies":[{"embeddable":true,"href":"https:\/\/www.abusizz.ch\/en\/wp-json\/wp\/v2\/comments?post=7302"}],"version-history":[{"count":10,"href":"https:\/\/www.abusizz.ch\/en\/wp-json\/wp\/v2\/posts\/7302\/revisions"}],"predecessor-version":[{"id":11097,"href":"https:\/\/www.abusizz.ch\/en\/wp-json\/wp\/v2\/posts\/7302\/revisions\/11097"}],"wp:featuredmedia":[{"embeddable":true,"href":"https:\/\/www.abusizz.ch\/en\/wp-json\/wp\/v2\/media\/7321"}],"wp:attachment":[{"href":"https:\/\/www.abusizz.ch\/en\/wp-json\/wp\/v2\/media?parent=7302"}],"wp:term":[{"taxonomy":"category","embeddable":true,"href":"https:\/\/www.abusizz.ch\/en\/wp-json\/wp\/v2\/categories?post=7302"},{"taxonomy":"post_tag","embeddable":true,"href":"https:\/\/www.abusizz.ch\/en\/wp-json\/wp\/v2\/tags?post=7302"}],"curies":[{"name":"wp","href":"https:\/\/api.w.org\/{rel}","templated":true}]}}